{"id":2228,"date":"2021-04-08T10:51:02","date_gmt":"2021-04-08T08:51:02","guid":{"rendered":"http:\/\/scuolaprofessionilegali.uniroma2.it\/?p=2228"},"modified":"2021-04-08T10:57:23","modified_gmt":"2021-04-08T08:57:23","slug":"orario-delle-lezioni-a-a-2020-2021","status":"publish","type":"post","link":"https:\/\/scuolaprofessionilegali.uniroma2.it\/?p=2228","title":{"rendered":"Orario delle lezioni a.a. 2020-2021"},"content":{"rendered":"\n<p>Le lezioni si svolgeranno nei giorni di gioved\u00ec e venerd\u00ec in modalit\u00e0 on line con il seguente orario.<br><strong>Gioved\u00ec<\/strong> : ore 9,00 alle ore 13,00 &#8211; dalle 15,00 &#8211; 20,00<br><strong>Venerd\u00ec<\/strong>:  ore 9,00 alle ore 13,00 &#8211; dalle 15,00 &#8211; 20,00<\/p>\n","protected":false},"excerpt":{"rendered":"<p>Le lezioni si svolgeranno nei giorni di gioved\u00ec e venerd\u00ec in modalit\u00e0 on line con il seguente orario.Gioved\u00ec : ore 9,00 alle ore 13,00 &#8211; dalle 15,00 &#8211; 20,00Venerd\u00ec: ore 9,00 alle ore 13,00 &#8211; dalle 15,00 &#8211; 20,00<\/p>\n","protected":false},"author":1,"featured_media":0,"comment_status":"closed","ping_status":"open","sticky":false,"template":"","format":"standard","meta":{"footnotes":""},"categories":[2],"tags":[],"_links":{"self":[{"href":"https:\/\/scuolaprofessionilegali.uniroma2.it\/index.php?rest_route=\/wp\/v2\/posts\/2228"}],"collection":[{"href":"https:\/\/scuolaprofessionilegali.uniroma2.it\/index.php?rest_route=\/wp\/v2\/posts"}],"about":[{"href":"https:\/\/scuolaprofessionilegali.uniroma2.it\/index.php?rest_route=\/wp\/v2\/types\/post"}],"author":[{"embeddable":true,"href":"https:\/\/scuolaprofessionilegali.uniroma2.it\/index.php?rest_route=\/wp\/v2\/users\/1"}],"replies":[{"embeddable":true,"href":"https:\/\/scuolaprofessionilegali.uniroma2.it\/index.php?rest_route=%2Fwp%2Fv2%2Fcomments&post=2228"}],"version-history":[{"count":1,"href":"https:\/\/scuolaprofessionilegali.uniroma2.it\/index.php?rest_route=\/wp\/v2\/posts\/2228\/revisions"}],"predecessor-version":[{"id":2229,"href":"https:\/\/scuolaprofessionilegali.uniroma2.it\/index.php?rest_route=\/wp\/v2\/posts\/2228\/revisions\/2229"}],"wp:attachment":[{"href":"https:\/\/scuolaprofessionilegali.uniroma2.it\/index.php?rest_route=%2Fwp%2Fv2%2Fmedia&parent=2228"}],"wp:term":[{"taxonomy":"category","embeddable":true,"href":"https:\/\/scuolaprofessionilegali.uniroma2.it\/index.php?rest_route=%2Fwp%2Fv2%2Fcategories&post=2228"},{"taxonomy":"post_tag","embeddable":true,"href":"https:\/\/scuolaprofessionilegali.uniroma2.it\/index.php?rest_route=%2Fwp%2Fv2%2Ftags&post=2228"}],"curies":[{"name":"wp","href":"https:\/\/api.w.org\/{rel}","templated":true}]}}